{"id":11582,"date":"2020-07-15T15:27:45","date_gmt":"2020-07-15T15:27:45","guid":{"rendered":"https:\/\/www.askja-on-tour.ch\/?p=11582"},"modified":"2020-07-16T07:44:52","modified_gmt":"2020-07-16T07:44:52","slug":"15-07-2020-vorfreude-ist-bekanntlich-die-groesste-freude","status":"publish","type":"post","link":"https:\/\/www.askja-on-tour.ch\/?p=11582","title":{"rendered":"15.07.2020: Vorfreude ist bekanntlich die gr\u00f6sste Freude"},"content":{"rendered":"\n<p>Nun scheint es also doch zu klappen und wir fahren am kommenden Dienstag, 20.7.2020, los Richtung Island.<\/p>\n<p>Da wir ja nicht auf der Flucht sondern auf Reisen sind, wollen wir uns f\u00fcr die Strecke durch Deutschland entsprechend Zeit lassen, damit wir am 25.7.2020 in Hirthshals (DK) die F\u00e4hre erreichen. Einziger Wermutstropfen ist immer noch die Regelung der D\u00e4nen, dass ich als Schweizerin entweder gar nicht oder dann mind. sechs N\u00e4chte in D\u00e4nemerk \u00fcbernachten darf. Somit ziehen wir am 25. morgens sehr fr\u00fch \u00fcber die Grenze und rauschen an die F\u00e4hrstation. Nach dem Check-In auf der F\u00e4hre erwartet uns ein Covid19-Test. Das Ergebnis erfahren wir allerdings erst auf der \u00dcberfahrt. Am\u00fcsant an der Sache ist im Moment, dass nicht klar ist, was im Falle eines positiven Tests passiert: a) Isolation auf den F\u00e4r\u00f6er, b) R\u00fcckreise mit der F\u00e4hre nach D\u00e4nemark (die uns nat\u00fcrlich dann auch nicht wollen) oder c) Weiterreise nach Island und dort Isolation. Also &#8211; einfach hoffen, dass uns der Ch\u00e4fer nicht erwischt.<\/p>\n<p>Die Planung sieht im Moment so aus:<\/p>\n<p>25.07.2020: Abfahrt Hirtshals (DK)<br \/>26.07.2020: Ankunft Torshavn \u00a0(F\u00e4r\u00f6er)<br \/>29.07.2020: Abfahrt Torshavn\u00a0<br \/>30.07.2020: Ankunft Seydisfj\u00f6rdur (IS)<\/p>\n<p>Und dann wollen wir Island erkunden mit Schwerpunkt Hochland und den Westfjords, ehe uns die F\u00e4hre dann wieder zur\u00fcckbringen wird.<\/p>\n<p>So &#8211; dies als kurzer Zwischenstand, ehe wir dann wirklich mit unserem Blog loslegen und von unserer Reise berichten k\u00f6nnen.<\/p>\n","protected":false},"excerpt":{"rendered":"<p>Nun scheint es also doch zu klappen und wir fahren am kommenden Dienstag, 20.7.2020, los Richtung Island. Da wir ja nicht auf der Flucht sondern auf Reisen sind, wollen wir uns f\u00fcr die Strecke durch Deutschland entsprechend Zeit lassen, damit<\/p>\n","protected":false},"author":3,"featured_media":0,"comment_status":"open","ping_status":"closed","sticky":false,"template":"","format":"standard","meta":{"footnotes":""},"categories":[25],"tags":[],"class_list":["post-11582","post","type-post","status-publish","format-standard","hentry","category-island2020"],"_links":{"self":[{"href":"https:\/\/www.askja-on-tour.ch\/index.php?rest_route=\/wp\/v2\/posts\/11582","targetHints":{"allow":["GET"]}}],"collection":[{"href":"https:\/\/www.askja-on-tour.ch\/index.php?rest_route=\/wp\/v2\/posts"}],"about":[{"href":"https:\/\/www.askja-on-tour.ch\/index.php?rest_route=\/wp\/v2\/types\/post"}],"author":[{"embeddable":true,"href":"https:\/\/www.askja-on-tour.ch\/index.php?rest_route=\/wp\/v2\/users\/3"}],"replies":[{"embeddable":true,"href":"https:\/\/www.askja-on-tour.ch\/index.php?rest_route=%2Fwp%2Fv2%2Fcomments&post=11582"}],"version-history":[{"count":2,"href":"https:\/\/www.askja-on-tour.ch\/index.php?rest_route=\/wp\/v2\/posts\/11582\/revisions"}],"predecessor-version":[{"id":11586,"href":"https:\/\/www.askja-on-tour.ch\/index.php?rest_route=\/wp\/v2\/posts\/11582\/revisions\/11586"}],"wp:attachment":[{"href":"https:\/\/www.askja-on-tour.ch\/index.php?rest_route=%2Fwp%2Fv2%2Fmedia&parent=11582"}],"wp:term":[{"taxonomy":"category","embeddable":true,"href":"https:\/\/www.askja-on-tour.ch\/index.php?rest_route=%2Fwp%2Fv2%2Fcategories&post=11582"},{"taxonomy":"post_tag","embeddable":true,"href":"https:\/\/www.askja-on-tour.ch\/index.php?rest_route=%2Fwp%2Fv2%2Ftags&post=11582"}],"curies":[{"name":"wp","href":"https:\/\/api.w.org\/{rel}","templated":true}]}}