{"id":11494,"date":"2019-11-30T08:15:23","date_gmt":"2019-11-30T08:15:23","guid":{"rendered":"https:\/\/www.askja-on-tour.ch\/?p=11494"},"modified":"2019-12-01T09:04:42","modified_gmt":"2019-12-01T09:04:42","slug":"27-28-11-2019-von-venedig-an-den-lago-di-orta-und-zurueck-im-home-sweet-home","status":"publish","type":"post","link":"https:\/\/www.askja-on-tour.ch\/?p=11494","title":{"rendered":"27.\/28.11.2019: Von Venedig an den Lago di Orta und zur\u00fcck im Home Sweet Home"},"content":{"rendered":"\n<p class=\"wp-block-paragraph\">Nachdem wir uns in Venedig, am Ende der Seidenstrasse, einen sch\u00f6nen Abend geg\u00f6nnt hatten und uns eine ruhige Nacht auf dem Bus-Parkplatz geg\u00f6nnt wurde, sind wir am Morgen Richtung Lago di Orta aufgebrochen. <\/p>\n\n\n\n<ul class=\"wp-block-gallery columns-1 is-cropped wp-block-gallery-1 is-layout-flex wp-block-gallery-is-layout-flex\"><li class=\"blocks-gallery-item\"><figure><img loading=\"lazy\" decoding=\"async\" width=\"1600\" height=\"1200\" src=\"https:\/\/www.askja-on-tour.ch\/wp-content\/uploads\/2019\/11\/Lago_di_Orta-001-1600x1200.jpg\" alt=\"\" data-id=\"11498\" data-link=\"https:\/\/www.askja-on-tour.ch\/?attachment_id=11498\" class=\"wp-image-11498\" srcset=\"https:\/\/www.askja-on-tour.ch\/wp-content\/uploads\/2019\/11\/Lago_di_Orta-001.jpg 1600w, https:\/\/www.askja-on-tour.ch\/wp-content\/uploads\/2019\/11\/Lago_di_Orta-001-1024x768.jpg 1024w, https:\/\/www.askja-on-tour.ch\/wp-content\/uploads\/2019\/11\/Lago_di_Orta-001-768x576.jpg 768w\" sizes=\"auto, (max-width: 1600px) 100vw, 1600px\" \/><\/figure><\/li><\/ul>\n\n\n\n<p class=\"wp-block-paragraph\">Doch &#8211; fast vergessen: den Slowenien-Kleber musste ich noch in unserer &#8222;L\u00e4nder-Galerie&#8220; aufbringen. Wenn wir in einem Land mindestens einmal \u00fcbernachtet haben, dann kommt die entsprechende Landesflagge drauf. Und wie sicher gut festzustellen ist &#8211; der Aufkleber ist drauf &#8211; nicht absolut gerade &#8211; aber er ist freestyle-m\u00e4ssig drauf.<\/p>\n\n\n\n<figure class=\"wp-block-image\"><img loading=\"lazy\" decoding=\"async\" width=\"1200\" height=\"1600\" src=\"https:\/\/www.askja-on-tour.ch\/wp-content\/uploads\/2019\/11\/Lago_di_Orta-002-1200x1600.jpg\" alt=\"\" class=\"wp-image-11499\" srcset=\"https:\/\/www.askja-on-tour.ch\/wp-content\/uploads\/2019\/11\/Lago_di_Orta-002.jpg 1200w, https:\/\/www.askja-on-tour.ch\/wp-content\/uploads\/2019\/11\/Lago_di_Orta-002-768x1024.jpg 768w\" sizes=\"auto, (max-width: 1200px) 100vw, 1200px\" \/><\/figure>\n\n\n\n<p class=\"wp-block-paragraph\">Wir sind durch den Regen gefahren, was aber unserer Vorfreude auf Orta San Giulio keinen Abbruch tat. Wir waren seit \u00fcber 10 Jahren nicht mehr da und umso gespannter, ob der Ort mit Blick auf die Insel San Giulio immer noch den Flair hatte, wie er sich bei uns eingebrannt hatte und wof\u00fcr wir so Feuer und Flamme sind.<\/p>\n\n\n\n<p class=\"wp-block-paragraph\">Gegen 16.00 Uhr kamen wir am Stellplatz etwas oberhalb des Ortes an &#8211; und es regnete immer noch. Zum Gl\u00fcck gibt es Regenkleidung und Regenschirme, so sind wir los &#8211; und es ist noch immer so, wie wir es erwartet haben.<\/p>\n\n\n\n<figure class=\"wp-block-image\"><img loading=\"lazy\" decoding=\"async\" width=\"1600\" height=\"1200\" src=\"https:\/\/www.askja-on-tour.ch\/wp-content\/uploads\/2019\/11\/Lago_di_Orta-012-1600x1200.jpg\" alt=\"\" class=\"wp-image-11509\" srcset=\"https:\/\/www.askja-on-tour.ch\/wp-content\/uploads\/2019\/11\/Lago_di_Orta-012.jpg 1600w, https:\/\/www.askja-on-tour.ch\/wp-content\/uploads\/2019\/11\/Lago_di_Orta-012-1024x768.jpg 1024w, https:\/\/www.askja-on-tour.ch\/wp-content\/uploads\/2019\/11\/Lago_di_Orta-012-768x576.jpg 768w\" sizes=\"auto, (max-width: 1600px) 100vw, 1600px\" \/><\/figure>\n\n\n\n<p class=\"wp-block-paragraph\">Ein kleiner Ort, der wie eine Theaterkulisse wirkt, zu dieser Zeit fast wie ausgestorben ohne Touristen und trotzdem belebt durch die Einheimischen. Wir haben uns sofort wieder wohl gef\u00fchlt und haben in einer kleinen Vinoteca einen Ap\u00e9ro genossen und auf das definitive Ende der Seidenstrassenreise angestossen.<\/p>\n\n\n\n<figure class=\"wp-block-image\"><img loading=\"lazy\" decoding=\"async\" width=\"1200\" height=\"1600\" src=\"https:\/\/www.askja-on-tour.ch\/wp-content\/uploads\/2019\/11\/SanGiulio-1200x1600.jpg\" alt=\"\" class=\"wp-image-11510\" srcset=\"https:\/\/www.askja-on-tour.ch\/wp-content\/uploads\/2019\/11\/SanGiulio-1200x1600.jpg 1200w, https:\/\/www.askja-on-tour.ch\/wp-content\/uploads\/2019\/11\/SanGiulio-768x1024.jpg 768w\" sizes=\"auto, (max-width: 1200px) 100vw, 1200px\" \/><\/figure>\n\n\n\n<ul class=\"wp-block-gallery columns-1 is-cropped wp-block-gallery-2 is-layout-flex wp-block-gallery-is-layout-flex\"><li class=\"blocks-gallery-item\"><figure><img loading=\"lazy\" decoding=\"async\" width=\"1600\" height=\"1200\" src=\"https:\/\/www.askja-on-tour.ch\/wp-content\/uploads\/2019\/11\/Lago_di_Orta-003-1600x1200.jpg\" alt=\"\" data-id=\"11500\" data-link=\"https:\/\/www.askja-on-tour.ch\/?attachment_id=11500\" class=\"wp-image-11500\" srcset=\"https:\/\/www.askja-on-tour.ch\/wp-content\/uploads\/2019\/11\/Lago_di_Orta-003.jpg 1600w, https:\/\/www.askja-on-tour.ch\/wp-content\/uploads\/2019\/11\/Lago_di_Orta-003-1024x768.jpg 1024w, https:\/\/www.askja-on-tour.ch\/wp-content\/uploads\/2019\/11\/Lago_di_Orta-003-768x576.jpg 768w\" sizes=\"auto, (max-width: 1600px) 100vw, 1600px\" \/><\/figure><\/li><li class=\"blocks-gallery-item\"><figure><img loading=\"lazy\" decoding=\"async\" width=\"1600\" height=\"1200\" src=\"https:\/\/www.askja-on-tour.ch\/wp-content\/uploads\/2019\/11\/Lago_di_Orta-004-1600x1200.jpg\" alt=\"\" data-id=\"11501\" data-link=\"https:\/\/www.askja-on-tour.ch\/?attachment_id=11501\" class=\"wp-image-11501\" srcset=\"https:\/\/www.askja-on-tour.ch\/wp-content\/uploads\/2019\/11\/Lago_di_Orta-004.jpg 1600w, https:\/\/www.askja-on-tour.ch\/wp-content\/uploads\/2019\/11\/Lago_di_Orta-004-1024x768.jpg 1024w, https:\/\/www.askja-on-tour.ch\/wp-content\/uploads\/2019\/11\/Lago_di_Orta-004-768x576.jpg 768w\" sizes=\"auto, (max-width: 1600px) 100vw, 1600px\" \/><\/figure><\/li><li class=\"blocks-gallery-item\"><figure><img loading=\"lazy\" decoding=\"async\" width=\"1200\" height=\"1600\" src=\"https:\/\/www.askja-on-tour.ch\/wp-content\/uploads\/2019\/11\/Lago_di_Orta-005-1200x1600.jpg\" alt=\"\" data-id=\"11502\" data-link=\"https:\/\/www.askja-on-tour.ch\/?attachment_id=11502\" class=\"wp-image-11502\" srcset=\"https:\/\/www.askja-on-tour.ch\/wp-content\/uploads\/2019\/11\/Lago_di_Orta-005.jpg 1200w, https:\/\/www.askja-on-tour.ch\/wp-content\/uploads\/2019\/11\/Lago_di_Orta-005-768x1024.jpg 768w\" sizes=\"auto, (max-width: 1200px) 100vw, 1200px\" \/><\/figure><\/li><li class=\"blocks-gallery-item\"><figure><img loading=\"lazy\" decoding=\"async\" width=\"1600\" height=\"1200\" src=\"https:\/\/www.askja-on-tour.ch\/wp-content\/uploads\/2019\/11\/Lago_di_Orta-006-1600x1200.jpg\" alt=\"\" data-id=\"11503\" data-link=\"https:\/\/www.askja-on-tour.ch\/?attachment_id=11503\" class=\"wp-image-11503\" srcset=\"https:\/\/www.askja-on-tour.ch\/wp-content\/uploads\/2019\/11\/Lago_di_Orta-006.jpg 1600w, https:\/\/www.askja-on-tour.ch\/wp-content\/uploads\/2019\/11\/Lago_di_Orta-006-1024x768.jpg 1024w, https:\/\/www.askja-on-tour.ch\/wp-content\/uploads\/2019\/11\/Lago_di_Orta-006-768x576.jpg 768w\" sizes=\"auto, (max-width: 1600px) 100vw, 1600px\" \/><\/figure><\/li><li class=\"blocks-gallery-item\"><figure><img loading=\"lazy\" decoding=\"async\" width=\"1200\" height=\"1600\" src=\"https:\/\/www.askja-on-tour.ch\/wp-content\/uploads\/2019\/11\/Lago_di_Orta-007-1200x1600.jpg\" alt=\"\" data-id=\"11504\" data-link=\"https:\/\/www.askja-on-tour.ch\/?attachment_id=11504\" class=\"wp-image-11504\" srcset=\"https:\/\/www.askja-on-tour.ch\/wp-content\/uploads\/2019\/11\/Lago_di_Orta-007.jpg 1200w, https:\/\/www.askja-on-tour.ch\/wp-content\/uploads\/2019\/11\/Lago_di_Orta-007-768x1024.jpg 768w\" sizes=\"auto, (max-width: 1200px) 100vw, 1200px\" \/><\/figure><\/li><li class=\"blocks-gallery-item\"><figure><img loading=\"lazy\" decoding=\"async\" width=\"1200\" height=\"1600\" src=\"https:\/\/www.askja-on-tour.ch\/wp-content\/uploads\/2019\/11\/Lago_di_Orta-008-1200x1600.jpg\" alt=\"\" data-id=\"11505\" data-link=\"https:\/\/www.askja-on-tour.ch\/?attachment_id=11505\" class=\"wp-image-11505\" srcset=\"https:\/\/www.askja-on-tour.ch\/wp-content\/uploads\/2019\/11\/Lago_di_Orta-008.jpg 1200w, https:\/\/www.askja-on-tour.ch\/wp-content\/uploads\/2019\/11\/Lago_di_Orta-008-768x1024.jpg 768w\" sizes=\"auto, (max-width: 1200px) 100vw, 1200px\" \/><\/figure><\/li><li class=\"blocks-gallery-item\"><figure><img loading=\"lazy\" decoding=\"async\" width=\"1600\" height=\"1200\" src=\"https:\/\/www.askja-on-tour.ch\/wp-content\/uploads\/2019\/11\/Lago_di_Orta-009-1600x1200.jpg\" alt=\"\" data-id=\"11506\" data-link=\"https:\/\/www.askja-on-tour.ch\/?attachment_id=11506\" class=\"wp-image-11506\" srcset=\"https:\/\/www.askja-on-tour.ch\/wp-content\/uploads\/2019\/11\/Lago_di_Orta-009.jpg 1600w, https:\/\/www.askja-on-tour.ch\/wp-content\/uploads\/2019\/11\/Lago_di_Orta-009-1024x768.jpg 1024w, https:\/\/www.askja-on-tour.ch\/wp-content\/uploads\/2019\/11\/Lago_di_Orta-009-768x576.jpg 768w\" sizes=\"auto, (max-width: 1600px) 100vw, 1600px\" \/><\/figure><\/li><li class=\"blocks-gallery-item\"><figure><img loading=\"lazy\" decoding=\"async\" width=\"1200\" height=\"1600\" src=\"https:\/\/www.askja-on-tour.ch\/wp-content\/uploads\/2019\/11\/Lago_di_Orta-010-1200x1600.jpg\" alt=\"\" data-id=\"11507\" data-link=\"https:\/\/www.askja-on-tour.ch\/?attachment_id=11507\" class=\"wp-image-11507\" srcset=\"https:\/\/www.askja-on-tour.ch\/wp-content\/uploads\/2019\/11\/Lago_di_Orta-010.jpg 1200w, https:\/\/www.askja-on-tour.ch\/wp-content\/uploads\/2019\/11\/Lago_di_Orta-010-768x1024.jpg 768w\" sizes=\"auto, (max-width: 1200px) 100vw, 1200px\" \/><\/figure><\/li><li class=\"blocks-gallery-item\"><figure><img loading=\"lazy\" decoding=\"async\" width=\"1600\" height=\"1200\" src=\"https:\/\/www.askja-on-tour.ch\/wp-content\/uploads\/2019\/11\/Lago_di_Orta-011-1600x1200.jpg\" alt=\"\" data-id=\"11508\" data-link=\"https:\/\/www.askja-on-tour.ch\/?attachment_id=11508\" class=\"wp-image-11508\" srcset=\"https:\/\/www.askja-on-tour.ch\/wp-content\/uploads\/2019\/11\/Lago_di_Orta-011.jpg 1600w, https:\/\/www.askja-on-tour.ch\/wp-content\/uploads\/2019\/11\/Lago_di_Orta-011-1024x768.jpg 1024w, https:\/\/www.askja-on-tour.ch\/wp-content\/uploads\/2019\/11\/Lago_di_Orta-011-768x576.jpg 768w\" sizes=\"auto, (max-width: 1600px) 100vw, 1600px\" \/><\/figure><\/li><\/ul>\n\n\n\n<p class=\"wp-block-paragraph\">Am 28. konnte uns dann nichts mehr halten &#8211; wir sind fr\u00fchmorgens losgefahren, da wir um 15.00 Uhr in Wohlen sein wollten, weil unsere lieben Nachbarn, Marianne und Benno, mit einem k\u00f6stlichen Ap\u00e9ro auf uns warteten. Bei Kilometer-Stand 77&#8217;777 haben wir die Grenze in Brissago \u00fcberquert.  Wir sind auf unserer Seidenstrassen-Reise  39&#8217;045 km gefahren; damit haben wir mehr als doppelt so viel Kilometer auf unserem Tacho als vor der Reise.<\/p>\n\n\n\n<figure class=\"wp-block-image\"><img loading=\"lazy\" decoding=\"async\" width=\"1600\" height=\"1200\" src=\"https:\/\/www.askja-on-tour.ch\/wp-content\/uploads\/2019\/11\/Lago_di_Orta-013-1600x1200.jpg\" alt=\"\" class=\"wp-image-11512\" srcset=\"https:\/\/www.askja-on-tour.ch\/wp-content\/uploads\/2019\/11\/Lago_di_Orta-013.jpg 1600w, https:\/\/www.askja-on-tour.ch\/wp-content\/uploads\/2019\/11\/Lago_di_Orta-013-1024x768.jpg 1024w, https:\/\/www.askja-on-tour.ch\/wp-content\/uploads\/2019\/11\/Lago_di_Orta-013-768x576.jpg 768w\" sizes=\"auto, (max-width: 1600px) 100vw, 1600px\" \/><\/figure>\n\n\n\n<p class=\"wp-block-paragraph\">Was f\u00fcr ein tolles Nach-Hause-Kommen bei einem liebevoll geschm\u00fcckten Esstisch (Danke Mami), tollem Willkommensplakat (Danke Benno), wunderbarer Eingangsdeko (Iran l\u00e4sst gr\u00fcssen &#8211; Danke Heidi), k\u00f6stlichem, gem\u00fctlichem Ap\u00e9ro und lieben Menschen.<\/p>\n\n\n\n<figure class=\"wp-block-image\"><img loading=\"lazy\" decoding=\"async\" width=\"1600\" height=\"1600\" src=\"https:\/\/www.askja-on-tour.ch\/wp-content\/uploads\/2019\/12\/Mams-1600x1600.jpg\" alt=\"\" class=\"wp-image-11521\" srcset=\"https:\/\/www.askja-on-tour.ch\/wp-content\/uploads\/2019\/12\/Mams-1600x1600.jpg 1600w, https:\/\/www.askja-on-tour.ch\/wp-content\/uploads\/2019\/12\/Mams-150x150.jpg 150w, https:\/\/www.askja-on-tour.ch\/wp-content\/uploads\/2019\/12\/Mams-1024x1024.jpg 1024w, https:\/\/www.askja-on-tour.ch\/wp-content\/uploads\/2019\/12\/Mams-768x768.jpg 768w, https:\/\/www.askja-on-tour.ch\/wp-content\/uploads\/2019\/12\/Mams-270x270.jpg 270w, https:\/\/www.askja-on-tour.ch\/wp-content\/uploads\/2019\/12\/Mams-230x230.jpg 230w\" sizes=\"auto, (max-width: 1600px) 100vw, 1600px\" \/><\/figure>\n\n\n\n<figure class=\"wp-block-image\"><img loading=\"lazy\" decoding=\"async\" width=\"1200\" height=\"1600\" src=\"https:\/\/www.askja-on-tour.ch\/wp-content\/uploads\/2019\/11\/Lago_di_Orta-014-1200x1600.jpg\" alt=\"\" class=\"wp-image-11511\" srcset=\"https:\/\/www.askja-on-tour.ch\/wp-content\/uploads\/2019\/11\/Lago_di_Orta-014.jpg 1200w, https:\/\/www.askja-on-tour.ch\/wp-content\/uploads\/2019\/11\/Lago_di_Orta-014-768x1024.jpg 768w\" sizes=\"auto, (max-width: 1200px) 100vw, 1200px\" \/><\/figure>\n\n\n\n<figure class=\"wp-block-image\"><img loading=\"lazy\" decoding=\"async\" width=\"1200\" height=\"1600\" src=\"https:\/\/www.askja-on-tour.ch\/wp-content\/uploads\/2019\/11\/Heimkehr-001-Kopie-1200x1600.jpg\" alt=\"\" class=\"wp-image-11515\" srcset=\"https:\/\/www.askja-on-tour.ch\/wp-content\/uploads\/2019\/11\/Heimkehr-001-Kopie.jpg 1200w, https:\/\/www.askja-on-tour.ch\/wp-content\/uploads\/2019\/11\/Heimkehr-001-Kopie-768x1024.jpg 768w\" sizes=\"auto, (max-width: 1200px) 100vw, 1200px\" \/><\/figure>\n\n\n\n<p class=\"wp-block-paragraph\">Und nun sagen wir definitiv f\u00fcr diese Reise Tsch\u00fcss &#8211; wir m\u00fcssen nun auspacken und putzen, damit wir im Mai 2020 f\u00fcr Schottland bereit sind und vorher die Fasnacht in Wohlen noch geniessen k\u00f6nnen.<\/p>\n\n\n\n<iframe loading=\"lazy\" src=\"https:\/\/www.google.com\/maps\/d\/embed?mid=17QSwlGESJAEI3LmrHez8snohsFsC-_7y\" width=\"640\" height=\"480\"><\/iframe>\n","protected":false},"excerpt":{"rendered":"<p>Nachdem wir uns in Venedig, am Ende der Seidenstrasse, einen sch\u00f6nen Abend geg\u00f6nnt hatten und uns eine ruhige Nacht auf dem Bus-Parkplatz geg\u00f6nnt wurde, sind wir am Morgen Richtung Lago di Orta aufgebrochen. Doch &#8211; fast vergessen: den Slowenien-Kleber musste<\/p>\n","protected":false},"author":3,"featured_media":0,"comment_status":"open","ping_status":"closed","sticky":false,"template":"","format":"standard","meta":{"footnotes":""},"categories":[4,24,8],"tags":[],"class_list":["post-11494","post","type-post","status-publish","format-standard","hentry","category-reiseberichte","category-italien-2019","category-seidenstrasse2019"],"_links":{"self":[{"href":"https:\/\/www.askja-on-tour.ch\/index.php?rest_route=\/wp\/v2\/posts\/11494","targetHints":{"allow":["GET"]}}],"collection":[{"href":"https:\/\/www.askja-on-tour.ch\/index.php?rest_route=\/wp\/v2\/posts"}],"about":[{"href":"https:\/\/www.askja-on-tour.ch\/index.php?rest_route=\/wp\/v2\/types\/post"}],"author":[{"embeddable":true,"href":"https:\/\/www.askja-on-tour.ch\/index.php?rest_route=\/wp\/v2\/users\/3"}],"replies":[{"embeddable":true,"href":"https:\/\/www.askja-on-tour.ch\/index.php?rest_route=%2Fwp%2Fv2%2Fcomments&post=11494"}],"version-history":[{"count":11,"href":"https:\/\/www.askja-on-tour.ch\/index.php?rest_route=\/wp\/v2\/posts\/11494\/revisions"}],"predecessor-version":[{"id":11523,"href":"https:\/\/www.askja-on-tour.ch\/index.php?rest_route=\/wp\/v2\/posts\/11494\/revisions\/11523"}],"wp:attachment":[{"href":"https:\/\/www.askja-on-tour.ch\/index.php?rest_route=%2Fwp%2Fv2%2Fmedia&parent=11494"}],"wp:term":[{"taxonomy":"category","embeddable":true,"href":"https:\/\/www.askja-on-tour.ch\/index.php?rest_route=%2Fwp%2Fv2%2Fcategories&post=11494"},{"taxonomy":"post_tag","embeddable":true,"href":"https:\/\/www.askja-on-tour.ch\/index.php?rest_route=%2Fwp%2Fv2%2Ftags&post=11494"}],"curies":[{"name":"wp","href":"https:\/\/api.w.org\/{rel}","templated":true}]}}