{"id":11245,"date":"2019-11-20T20:28:13","date_gmt":"2019-11-20T20:28:13","guid":{"rendered":"https:\/\/www.askja-on-tour.ch\/?p=11245"},"modified":"2019-11-20T20:28:15","modified_gmt":"2019-11-20T20:28:15","slug":"20-11-2019-von-berat-by-night-in-albanien-nach-ulcinj-in-montenegro","status":"publish","type":"post","link":"https:\/\/www.askja-on-tour.ch\/?p=11245","title":{"rendered":"20.11.2019: Von Berat by Night in Albanien nach Ulcinj in Montenegro"},"content":{"rendered":"\n<p class=\"wp-block-paragraph\">Gestern Abend sind wir in die Altstadt von Berat zum Essen, dabei haben wir noch die eine oder andere Nachtaufnahme der &#8222;Ura e Goric\u00ebs&#8220; oder auch &#8222;Ura e Beratit&#8220;, eine alte osmanische Steinbr\u00fccke gemacht. Bei Tag sieht diese sch\u00f6n aus, bei Nacht aber fast mystisch.<\/p>\n\n\n\n<figure class=\"wp-block-image\"><img loading=\"lazy\" decoding=\"async\" width=\"1600\" height=\"1200\" src=\"https:\/\/www.askja-on-tour.ch\/wp-content\/uploads\/2019\/11\/Berat-002-2-1600x1200.jpg\" alt=\"\" class=\"wp-image-11267\" srcset=\"https:\/\/www.askja-on-tour.ch\/wp-content\/uploads\/2019\/11\/Berat-002-2.jpg 1600w, https:\/\/www.askja-on-tour.ch\/wp-content\/uploads\/2019\/11\/Berat-002-2-1024x768.jpg 1024w, https:\/\/www.askja-on-tour.ch\/wp-content\/uploads\/2019\/11\/Berat-002-2-768x576.jpg 768w\" sizes=\"auto, (max-width: 1600px) 100vw, 1600px\" \/><\/figure>\n\n\n\n<ul class=\"wp-block-gallery columns-1 is-cropped wp-block-gallery-1 is-layout-flex wp-block-gallery-is-layout-flex\"><li class=\"blocks-gallery-item\"><figure><img loading=\"lazy\" decoding=\"async\" width=\"1600\" height=\"1200\" src=\"https:\/\/www.askja-on-tour.ch\/wp-content\/uploads\/2019\/11\/Ulcinj-001-1600x1200.jpg\" alt=\"\" data-id=\"11255\" data-link=\"https:\/\/www.askja-on-tour.ch\/?attachment_id=11255\" class=\"wp-image-11255\" srcset=\"https:\/\/www.askja-on-tour.ch\/wp-content\/uploads\/2019\/11\/Ulcinj-001.jpg 1600w, https:\/\/www.askja-on-tour.ch\/wp-content\/uploads\/2019\/11\/Ulcinj-001-1024x768.jpg 1024w, https:\/\/www.askja-on-tour.ch\/wp-content\/uploads\/2019\/11\/Ulcinj-001-768x576.jpg 768w\" sizes=\"auto, (max-width: 1600px) 100vw, 1600px\" \/><\/figure><\/li><li class=\"blocks-gallery-item\"><figure><img loading=\"lazy\" decoding=\"async\" width=\"1600\" height=\"1200\" src=\"https:\/\/www.askja-on-tour.ch\/wp-content\/uploads\/2019\/11\/Ulcinj-002-1600x1200.jpg\" alt=\"\" data-id=\"11256\" data-link=\"https:\/\/www.askja-on-tour.ch\/?attachment_id=11256\" class=\"wp-image-11256\" srcset=\"https:\/\/www.askja-on-tour.ch\/wp-content\/uploads\/2019\/11\/Ulcinj-002.jpg 1600w, https:\/\/www.askja-on-tour.ch\/wp-content\/uploads\/2019\/11\/Ulcinj-002-1024x768.jpg 1024w, https:\/\/www.askja-on-tour.ch\/wp-content\/uploads\/2019\/11\/Ulcinj-002-768x576.jpg 768w\" sizes=\"auto, (max-width: 1600px) 100vw, 1600px\" \/><\/figure><\/li><li class=\"blocks-gallery-item\"><figure><img loading=\"lazy\" decoding=\"async\" width=\"1600\" height=\"1200\" src=\"https:\/\/www.askja-on-tour.ch\/wp-content\/uploads\/2019\/11\/Ulcinj-003-1600x1200.jpg\" alt=\"\" data-id=\"11257\" data-link=\"https:\/\/www.askja-on-tour.ch\/?attachment_id=11257\" class=\"wp-image-11257\" srcset=\"https:\/\/www.askja-on-tour.ch\/wp-content\/uploads\/2019\/11\/Ulcinj-003.jpg 1600w, https:\/\/www.askja-on-tour.ch\/wp-content\/uploads\/2019\/11\/Ulcinj-003-1024x768.jpg 1024w, https:\/\/www.askja-on-tour.ch\/wp-content\/uploads\/2019\/11\/Ulcinj-003-768x576.jpg 768w\" sizes=\"auto, (max-width: 1600px) 100vw, 1600px\" \/><\/figure><\/li><\/ul>\n\n\n\n<p class=\"wp-block-paragraph\">Am Morgen mussten wir mal wieder Wasser bunkern und entsorgen, so dass wir erst gegen 10.00 Uhr losgefahren sind.<\/p>\n\n\n\n<p class=\"wp-block-paragraph\">Wir sind gem\u00fctlich Richtung Grenze gefahren und gegen 15.00 Uhr von Albanien nach Montenegro eingereist. Wobei von der Einreise haben wir gar nichts mitbekommen. Wir mussten die IDs bei der Ausreise zeigen &#8211; und in Montenegro war gar keine Kontrolle.<\/p>\n\n\n\n<p class=\"wp-block-paragraph\">Wir haben beschlossen, heute in Ulcinj den Fahrtag abzuschliessen. Hier stehen wir an der Hafenmole und geniessen eine Wahnsinnsaussicht, die wir h\u00f6chstens mit Fischern teilen.<\/p>\n\n\n\n<ul class=\"wp-block-gallery columns-1 is-cropped wp-block-gallery-2 is-layout-flex wp-block-gallery-is-layout-flex\"><li class=\"blocks-gallery-item\"><figure><img loading=\"lazy\" decoding=\"async\" width=\"1600\" height=\"1200\" src=\"https:\/\/www.askja-on-tour.ch\/wp-content\/uploads\/2019\/11\/Ulcinj-006-1-1600x1200.jpg\" alt=\"\" data-id=\"11264\" data-link=\"https:\/\/www.askja-on-tour.ch\/?attachment_id=11264\" class=\"wp-image-11264\" srcset=\"https:\/\/www.askja-on-tour.ch\/wp-content\/uploads\/2019\/11\/Ulcinj-006-1.jpg 1600w, https:\/\/www.askja-on-tour.ch\/wp-content\/uploads\/2019\/11\/Ulcinj-006-1-1024x768.jpg 1024w, https:\/\/www.askja-on-tour.ch\/wp-content\/uploads\/2019\/11\/Ulcinj-006-1-768x576.jpg 768w\" sizes=\"auto, (max-width: 1600px) 100vw, 1600px\" \/><\/figure><\/li><\/ul>\n\n\n\n<ul class=\"wp-block-gallery columns-1 is-cropped wp-block-gallery-3 is-layout-flex wp-block-gallery-is-layout-flex\"><li class=\"blocks-gallery-item\"><figure><img loading=\"lazy\" decoding=\"async\" width=\"1600\" height=\"1200\" src=\"https:\/\/www.askja-on-tour.ch\/wp-content\/uploads\/2019\/11\/IMG_5585-1-1600x1200.jpg\" alt=\"\" data-id=\"11268\" data-link=\"https:\/\/www.askja-on-tour.ch\/?attachment_id=11268\" class=\"wp-image-11268\" srcset=\"https:\/\/www.askja-on-tour.ch\/wp-content\/uploads\/2019\/11\/IMG_5585-1-1600x1200.jpg 1600w, https:\/\/www.askja-on-tour.ch\/wp-content\/uploads\/2019\/11\/IMG_5585-1-1024x768.jpg 1024w, https:\/\/www.askja-on-tour.ch\/wp-content\/uploads\/2019\/11\/IMG_5585-1-768x576.jpg 768w\" sizes=\"auto, (max-width: 1600px) 100vw, 1600px\" \/><\/figure><\/li><\/ul>\n\n\n\n<figure class=\"wp-block-image\"><img loading=\"lazy\" decoding=\"async\" width=\"1600\" height=\"1200\" src=\"https:\/\/www.askja-on-tour.ch\/wp-content\/uploads\/2019\/11\/Ulcinj-007-1-1600x1200.jpg\" alt=\"\" class=\"wp-image-11265\" srcset=\"https:\/\/www.askja-on-tour.ch\/wp-content\/uploads\/2019\/11\/Ulcinj-007-1.jpg 1600w, https:\/\/www.askja-on-tour.ch\/wp-content\/uploads\/2019\/11\/Ulcinj-007-1-1024x768.jpg 1024w, https:\/\/www.askja-on-tour.ch\/wp-content\/uploads\/2019\/11\/Ulcinj-007-1-768x576.jpg 768w\" sizes=\"auto, (max-width: 1600px) 100vw, 1600px\" \/><\/figure>\n\n\n\n<p class=\"wp-block-paragraph\">Heute Abend sind wir noch durch Ulcinj flaniert. Das Stadtbild zeigt die&nbsp;osmanische Vergangenheit, zahlreiche&nbsp;Moscheen&nbsp;verteilen sich \u00fcber die ganze Stadt. <\/p>\n\n\n\n<figure class=\"wp-block-image\"><img loading=\"lazy\" decoding=\"async\" width=\"1600\" height=\"1200\" src=\"https:\/\/www.askja-on-tour.ch\/wp-content\/uploads\/2019\/11\/Ulcinj-005-1-1600x1200.jpg\" alt=\"\" class=\"wp-image-11270\" srcset=\"https:\/\/www.askja-on-tour.ch\/wp-content\/uploads\/2019\/11\/Ulcinj-005-1.jpg 1600w, https:\/\/www.askja-on-tour.ch\/wp-content\/uploads\/2019\/11\/Ulcinj-005-1-1024x768.jpg 1024w, https:\/\/www.askja-on-tour.ch\/wp-content\/uploads\/2019\/11\/Ulcinj-005-1-768x576.jpg 768w\" sizes=\"auto, (max-width: 1600px) 100vw, 1600px\" \/><\/figure>\n\n\n\n<ul class=\"wp-block-gallery columns-1 is-cropped wp-block-gallery-4 is-layout-flex wp-block-gallery-is-layout-flex\"><li class=\"blocks-gallery-item\"><figure><img loading=\"lazy\" decoding=\"async\" width=\"1200\" height=\"1600\" src=\"https:\/\/www.askja-on-tour.ch\/wp-content\/uploads\/2019\/11\/Ulcinj-008-1200x1600.jpg\" alt=\"\" data-id=\"11261\" data-link=\"https:\/\/www.askja-on-tour.ch\/?attachment_id=11261\" class=\"wp-image-11261\" srcset=\"https:\/\/www.askja-on-tour.ch\/wp-content\/uploads\/2019\/11\/Ulcinj-008.jpg 1200w, https:\/\/www.askja-on-tour.ch\/wp-content\/uploads\/2019\/11\/Ulcinj-008-768x1024.jpg 768w\" sizes=\"auto, (max-width: 1200px) 100vw, 1200px\" \/><\/figure><\/li><li class=\"blocks-gallery-item\"><figure><img loading=\"lazy\" decoding=\"async\" width=\"1600\" height=\"1200\" src=\"https:\/\/www.askja-on-tour.ch\/wp-content\/uploads\/2019\/11\/Ulcinj-009-1600x1200.jpg\" alt=\"\" data-id=\"11262\" data-link=\"https:\/\/www.askja-on-tour.ch\/?attachment_id=11262\" class=\"wp-image-11262\" srcset=\"https:\/\/www.askja-on-tour.ch\/wp-content\/uploads\/2019\/11\/Ulcinj-009.jpg 1600w, https:\/\/www.askja-on-tour.ch\/wp-content\/uploads\/2019\/11\/Ulcinj-009-1024x768.jpg 1024w, https:\/\/www.askja-on-tour.ch\/wp-content\/uploads\/2019\/11\/Ulcinj-009-768x576.jpg 768w\" sizes=\"auto, (max-width: 1600px) 100vw, 1600px\" \/><\/figure><\/li><li class=\"blocks-gallery-item\"><figure><img loading=\"lazy\" decoding=\"async\" width=\"1600\" height=\"1200\" src=\"https:\/\/www.askja-on-tour.ch\/wp-content\/uploads\/2019\/11\/Ulcinj-010-1600x1200.jpg\" alt=\"\" data-id=\"11263\" data-link=\"https:\/\/www.askja-on-tour.ch\/?attachment_id=11263\" class=\"wp-image-11263\" srcset=\"https:\/\/www.askja-on-tour.ch\/wp-content\/uploads\/2019\/11\/Ulcinj-010.jpg 1600w, https:\/\/www.askja-on-tour.ch\/wp-content\/uploads\/2019\/11\/Ulcinj-010-1024x768.jpg 1024w, https:\/\/www.askja-on-tour.ch\/wp-content\/uploads\/2019\/11\/Ulcinj-010-768x576.jpg 768w\" sizes=\"auto, (max-width: 1600px) 100vw, 1600px\" \/><\/figure><\/li><\/ul>\n\n\n\n<p class=\"wp-block-paragraph\">Wir haben in einem Altstadtrestaurant, oberhalb der Bucht thronend, unseren Ap\u00e9ro genossen. Dass wir immer n\u00f6rdlicher kommen merken wir, dass es um 16.30 Uhr schon dunkel ist (wir haben hier die selbe Uhrzeit wie die Schweiz).<\/p>\n\n\n\n<ul class=\"wp-block-gallery columns-1 is-cropped wp-block-gallery-5 is-layout-flex wp-block-gallery-is-layout-flex\"><li class=\"blocks-gallery-item\"><figure><img loading=\"lazy\" decoding=\"async\" width=\"1200\" height=\"1600\" src=\"https:\/\/www.askja-on-tour.ch\/wp-content\/uploads\/2019\/11\/IMG_5591-1-1200x1600.jpg\" alt=\"\" data-id=\"11248\" data-link=\"https:\/\/www.askja-on-tour.ch\/?attachment_id=11248\" class=\"wp-image-11248\" srcset=\"https:\/\/www.askja-on-tour.ch\/wp-content\/uploads\/2019\/11\/IMG_5591-1-1200x1600.jpg 1200w, https:\/\/www.askja-on-tour.ch\/wp-content\/uploads\/2019\/11\/IMG_5591-1-768x1024.jpg 768w\" sizes=\"auto, (max-width: 1200px) 100vw, 1200px\" \/><\/figure><\/li><\/ul>\n\n\n\n<iframe loading=\"lazy\" src=\"https:\/\/www.google.com\/maps\/d\/embed?mid=17QSwlGESJAEI3LmrHez8snohsFsC-_7y\" width=\"640\" height=\"480\"><\/iframe>\n","protected":false},"excerpt":{"rendered":"<p>Gestern Abend sind wir in die Altstadt von Berat zum Essen, dabei haben wir noch die eine oder andere Nachtaufnahme der &#8222;Ura e Goric\u00ebs&#8220; oder auch &#8222;Ura e Beratit&#8220;, eine alte osmanische Steinbr\u00fccke gemacht. Bei Tag sieht diese sch\u00f6n aus,<\/p>\n","protected":false},"author":3,"featured_media":0,"comment_status":"open","ping_status":"closed","sticky":false,"template":"","format":"standard","meta":{"footnotes":""},"categories":[21,4,22,8],"tags":[],"class_list":["post-11245","post","type-post","status-publish","format-standard","hentry","category-albanien-2019","category-reiseberichte","category-montenegro-2019","category-seidenstrasse2019"],"_links":{"self":[{"href":"https:\/\/www.askja-on-tour.ch\/index.php?rest_route=\/wp\/v2\/posts\/11245","targetHints":{"allow":["GET"]}}],"collection":[{"href":"https:\/\/www.askja-on-tour.ch\/index.php?rest_route=\/wp\/v2\/posts"}],"about":[{"href":"https:\/\/www.askja-on-tour.ch\/index.php?rest_route=\/wp\/v2\/types\/post"}],"author":[{"embeddable":true,"href":"https:\/\/www.askja-on-tour.ch\/index.php?rest_route=\/wp\/v2\/users\/3"}],"replies":[{"embeddable":true,"href":"https:\/\/www.askja-on-tour.ch\/index.php?rest_route=%2Fwp%2Fv2%2Fcomments&post=11245"}],"version-history":[{"count":8,"href":"https:\/\/www.askja-on-tour.ch\/index.php?rest_route=\/wp\/v2\/posts\/11245\/revisions"}],"predecessor-version":[{"id":11274,"href":"https:\/\/www.askja-on-tour.ch\/index.php?rest_route=\/wp\/v2\/posts\/11245\/revisions\/11274"}],"wp:attachment":[{"href":"https:\/\/www.askja-on-tour.ch\/index.php?rest_route=%2Fwp%2Fv2%2Fmedia&parent=11245"}],"wp:term":[{"taxonomy":"category","embeddable":true,"href":"https:\/\/www.askja-on-tour.ch\/index.php?rest_route=%2Fwp%2Fv2%2Fcategories&post=11245"},{"taxonomy":"post_tag","embeddable":true,"href":"https:\/\/www.askja-on-tour.ch\/index.php?rest_route=%2Fwp%2Fv2%2Ftags&post=11245"}],"curies":[{"name":"wp","href":"https:\/\/api.w.org\/{rel}","templated":true}]}}