{"id":10918,"date":"2019-11-10T17:47:48","date_gmt":"2019-11-10T17:47:48","guid":{"rendered":"https:\/\/www.askja-on-tour.ch\/?p=10918"},"modified":"2019-11-10T17:47:49","modified_gmt":"2019-11-10T17:47:49","slug":"10-11-2019-405-km-weiter-von-kusadasi-nach-troja-ist-sie-es-oder-nicht","status":"publish","type":"post","link":"https:\/\/www.askja-on-tour.ch\/?p=10918","title":{"rendered":"10.11.2019: 405 km weiter von  Ku\u015fadas\u0131 nach Troja &#8211; ist sie es oder nicht?"},"content":{"rendered":"\n<p class=\"wp-block-paragraph\">Heute hatten wir einen eher langen Fahrtag. Auch wenn sich 405 km nach nicht so viel anh\u00f6ren, dann zieht es sich doch enorm, wenn man entlang der K\u00fcste f\u00e4hrt und immer wieder Ortsdurchfahrten hat &#8211; doch das macht die Fahrt auch interessant. Aber aufgrund der langen Fahrtstrecke gibt es auch nur einen ganz kleinen Blog &#8211; mit aber dem einen oder anderen Schnappschuss.<\/p>\n\n\n\n<ul class=\"wp-block-gallery columns-1 is-cropped wp-block-gallery-1 is-layout-flex wp-block-gallery-is-layout-flex\"><li class=\"blocks-gallery-item\"><figure><img loading=\"lazy\" decoding=\"async\" width=\"1600\" height=\"1200\" src=\"https:\/\/www.askja-on-tour.ch\/wp-content\/uploads\/2019\/11\/Troja-002-1600x1200.jpg\" alt=\"\" data-id=\"10920\" data-link=\"https:\/\/www.askja-on-tour.ch\/?attachment_id=10920\" class=\"wp-image-10920\" srcset=\"https:\/\/www.askja-on-tour.ch\/wp-content\/uploads\/2019\/11\/Troja-002.jpg 1600w, https:\/\/www.askja-on-tour.ch\/wp-content\/uploads\/2019\/11\/Troja-002-1024x768.jpg 1024w, https:\/\/www.askja-on-tour.ch\/wp-content\/uploads\/2019\/11\/Troja-002-768x576.jpg 768w\" sizes=\"auto, (max-width: 1600px) 100vw, 1600px\" \/><\/figure><\/li><li class=\"blocks-gallery-item\"><figure><img loading=\"lazy\" decoding=\"async\" width=\"1600\" height=\"1200\" src=\"https:\/\/www.askja-on-tour.ch\/wp-content\/uploads\/2019\/11\/Troja-003-1600x1200.jpg\" alt=\"\" data-id=\"10922\" data-link=\"https:\/\/www.askja-on-tour.ch\/?attachment_id=10922\" class=\"wp-image-10922\" srcset=\"https:\/\/www.askja-on-tour.ch\/wp-content\/uploads\/2019\/11\/Troja-003.jpg 1600w, https:\/\/www.askja-on-tour.ch\/wp-content\/uploads\/2019\/11\/Troja-003-1024x768.jpg 1024w, https:\/\/www.askja-on-tour.ch\/wp-content\/uploads\/2019\/11\/Troja-003-768x576.jpg 768w\" sizes=\"auto, (max-width: 1600px) 100vw, 1600px\" \/><\/figure><\/li><li class=\"blocks-gallery-item\"><figure><img loading=\"lazy\" decoding=\"async\" width=\"1600\" height=\"1200\" src=\"https:\/\/www.askja-on-tour.ch\/wp-content\/uploads\/2019\/11\/Troja-004-1600x1200.jpg\" alt=\"\" data-id=\"10924\" data-link=\"https:\/\/www.askja-on-tour.ch\/?attachment_id=10924\" class=\"wp-image-10924\" srcset=\"https:\/\/www.askja-on-tour.ch\/wp-content\/uploads\/2019\/11\/Troja-004.jpg 1600w, https:\/\/www.askja-on-tour.ch\/wp-content\/uploads\/2019\/11\/Troja-004-1024x768.jpg 1024w, https:\/\/www.askja-on-tour.ch\/wp-content\/uploads\/2019\/11\/Troja-004-768x576.jpg 768w\" sizes=\"auto, (max-width: 1600px) 100vw, 1600px\" \/><figcaption>In der T\u00fcrkei wird es genau genommen: 82 km\/h<\/figcaption><\/figure><\/li><li class=\"blocks-gallery-item\"><figure><img loading=\"lazy\" decoding=\"async\" width=\"1600\" height=\"1200\" src=\"https:\/\/www.askja-on-tour.ch\/wp-content\/uploads\/2019\/11\/Troja-007-1600x1200.jpg\" alt=\"\" data-id=\"10930\" data-link=\"https:\/\/www.askja-on-tour.ch\/?attachment_id=10930\" class=\"wp-image-10930\" srcset=\"https:\/\/www.askja-on-tour.ch\/wp-content\/uploads\/2019\/11\/Troja-007.jpg 1600w, https:\/\/www.askja-on-tour.ch\/wp-content\/uploads\/2019\/11\/Troja-007-1024x768.jpg 1024w, https:\/\/www.askja-on-tour.ch\/wp-content\/uploads\/2019\/11\/Troja-007-768x576.jpg 768w\" sizes=\"auto, (max-width: 1600px) 100vw, 1600px\" \/><\/figure><\/li><li class=\"blocks-gallery-item\"><figure><img loading=\"lazy\" decoding=\"async\" width=\"1600\" height=\"1200\" src=\"https:\/\/www.askja-on-tour.ch\/wp-content\/uploads\/2019\/11\/Troja-009-1600x1200.jpg\" alt=\"\" data-id=\"10934\" data-link=\"https:\/\/www.askja-on-tour.ch\/?attachment_id=10934\" class=\"wp-image-10934\" srcset=\"https:\/\/www.askja-on-tour.ch\/wp-content\/uploads\/2019\/11\/Troja-009.jpg 1600w, https:\/\/www.askja-on-tour.ch\/wp-content\/uploads\/2019\/11\/Troja-009-1024x768.jpg 1024w, https:\/\/www.askja-on-tour.ch\/wp-content\/uploads\/2019\/11\/Troja-009-768x576.jpg 768w\" sizes=\"auto, (max-width: 1600px) 100vw, 1600px\" \/><figcaption>Der Migros t\u00e4uschend \u00e4hnlich &#8211; aber hat seit 1974 nichts mehr mit unserer Migros zu tune.<\/figcaption><\/figure><\/li><\/ul>\n\n\n\n<p class=\"wp-block-paragraph\">Heute morgen wurden wir &#8211; nein, nicht durch den Muehzin &#8211; durch Fanfaren munter gemacht; wach waren wir bereits. Grund ist die Feier zum Totestag von Mustafa Kemal Atat\u00fcrk, den Begr\u00fcnder der heutigen T\u00fcrkei, der am 10. November 1938 verstorben ist. Die vielen Flaggen und Ehrbekundungen sind beeindruckend, die meisten Fahnen stehen auf Halbmast. <\/p>\n\n\n\n<ul class=\"wp-block-gallery columns-1 is-cropped wp-block-gallery-2 is-layout-flex wp-block-gallery-is-layout-flex\"><li class=\"blocks-gallery-item\"><figure><img loading=\"lazy\" decoding=\"async\" width=\"1600\" height=\"1200\" src=\"https:\/\/www.askja-on-tour.ch\/wp-content\/uploads\/2019\/11\/Troja-006-1600x1200.jpg\" alt=\"\" data-id=\"10927\" data-link=\"https:\/\/www.askja-on-tour.ch\/?attachment_id=10927\" class=\"wp-image-10927\" srcset=\"https:\/\/www.askja-on-tour.ch\/wp-content\/uploads\/2019\/11\/Troja-006.jpg 1600w, https:\/\/www.askja-on-tour.ch\/wp-content\/uploads\/2019\/11\/Troja-006-1024x768.jpg 1024w, https:\/\/www.askja-on-tour.ch\/wp-content\/uploads\/2019\/11\/Troja-006-768x576.jpg 768w\" sizes=\"auto, (max-width: 1600px) 100vw, 1600px\" \/><\/figure><\/li><li class=\"blocks-gallery-item\"><figure><img loading=\"lazy\" decoding=\"async\" width=\"1200\" height=\"1600\" src=\"https:\/\/www.askja-on-tour.ch\/wp-content\/uploads\/2019\/11\/Troja-008-1200x1600.jpg\" alt=\"\" data-id=\"10932\" data-link=\"https:\/\/www.askja-on-tour.ch\/?attachment_id=10932\" class=\"wp-image-10932\" srcset=\"https:\/\/www.askja-on-tour.ch\/wp-content\/uploads\/2019\/11\/Troja-008.jpg 1200w, https:\/\/www.askja-on-tour.ch\/wp-content\/uploads\/2019\/11\/Troja-008-768x1024.jpg 768w\" sizes=\"auto, (max-width: 1200px) 100vw, 1200px\" \/><\/figure><\/li><\/ul>\n\n\n\n<p class=\"wp-block-paragraph\">Bevor wir losfuhren, musste nat\u00fcrlich noch das (fast) obligate Stellplatzfoto gemacht werden.<\/p>\n\n\n\n<ul class=\"wp-block-gallery columns-1 is-cropped wp-block-gallery-3 is-layout-flex wp-block-gallery-is-layout-flex\"><li class=\"blocks-gallery-item\"><figure><img loading=\"lazy\" decoding=\"async\" width=\"1600\" height=\"1200\" src=\"https:\/\/www.askja-on-tour.ch\/wp-content\/uploads\/2019\/11\/Troja-001-1600x1200.jpg\" alt=\"\" data-id=\"10921\" data-link=\"https:\/\/www.askja-on-tour.ch\/?attachment_id=10921\" class=\"wp-image-10921\" srcset=\"https:\/\/www.askja-on-tour.ch\/wp-content\/uploads\/2019\/11\/Troja-001.jpg 1600w, https:\/\/www.askja-on-tour.ch\/wp-content\/uploads\/2019\/11\/Troja-001-1024x768.jpg 1024w, https:\/\/www.askja-on-tour.ch\/wp-content\/uploads\/2019\/11\/Troja-001-768x576.jpg 768w\" sizes=\"auto, (max-width: 1600px) 100vw, 1600px\" \/><\/figure><\/li><\/ul>\n\n\n\n<p class=\"wp-block-paragraph\">Gegen 18.00 Uhr sind wir in Troja angekommen und haben einen guten Nachtplatz gefunden bei der Pension Troja, rund 700 m vom Ausgrabungsgel\u00e4nde. Wir wollen morgen sehen, ob die Ausgrabungsst\u00e4tte, die einige Arch\u00e4ologen f\u00fcr Troja halten auch Troja ist &#8211; der Eigent\u00fcmer des Stellplatz nimmt uns morgen jedenfalls auf eine F\u00fchrung mit dem Titel &#8222;Zwischen Traum und Realit\u00e4t&#8220; mit.<\/p>\n\n\n\n<figure class=\"wp-block-image\"><img loading=\"lazy\" decoding=\"async\" width=\"1600\" height=\"1200\" src=\"https:\/\/www.askja-on-tour.ch\/wp-content\/uploads\/2019\/11\/Troja-010-1-1600x1200.jpg\" alt=\"\" class=\"wp-image-10926\" srcset=\"https:\/\/www.askja-on-tour.ch\/wp-content\/uploads\/2019\/11\/Troja-010-1.jpg 1600w, https:\/\/www.askja-on-tour.ch\/wp-content\/uploads\/2019\/11\/Troja-010-1-1024x768.jpg 1024w, https:\/\/www.askja-on-tour.ch\/wp-content\/uploads\/2019\/11\/Troja-010-1-768x576.jpg 768w\" sizes=\"auto, (max-width: 1600px) 100vw, 1600px\" \/><\/figure>\n\n\n\n<p class=\"wp-block-paragraph\">Heute Abend sind wir noch etwas durch das kleine und schmucke St\u00e4dtchen Troja gelaufen &#8211; es ist wunderbar sauber und l\u00e4dt zum Spazierengehen ein. \u00dcberall im Ort wird das Thema Troja auf Basis der antiken Erz\u00e4hlung vom Homer aufgegriffen &#8211; in tollen Wandmalereien und Statuen.<\/p>\n\n\n\n<ul class=\"wp-block-gallery columns-1 is-cropped wp-block-gallery-4 is-layout-flex wp-block-gallery-is-layout-flex\"><li class=\"blocks-gallery-item\"><figure><img loading=\"lazy\" decoding=\"async\" width=\"1600\" height=\"1200\" src=\"https:\/\/www.askja-on-tour.ch\/wp-content\/uploads\/2019\/11\/Troja-011-1600x1200.jpg\" alt=\"\" data-id=\"10925\" data-link=\"https:\/\/www.askja-on-tour.ch\/?attachment_id=10925\" class=\"wp-image-10925\" srcset=\"https:\/\/www.askja-on-tour.ch\/wp-content\/uploads\/2019\/11\/Troja-011.jpg 1600w, https:\/\/www.askja-on-tour.ch\/wp-content\/uploads\/2019\/11\/Troja-011-1024x768.jpg 1024w, https:\/\/www.askja-on-tour.ch\/wp-content\/uploads\/2019\/11\/Troja-011-768x576.jpg 768w\" sizes=\"auto, (max-width: 1600px) 100vw, 1600px\" \/><\/figure><\/li><li class=\"blocks-gallery-item\"><figure><img loading=\"lazy\" decoding=\"async\" width=\"1600\" height=\"1200\" src=\"https:\/\/www.askja-on-tour.ch\/wp-content\/uploads\/2019\/11\/Troja-012-1600x1200.jpg\" alt=\"\" data-id=\"10928\" data-link=\"https:\/\/www.askja-on-tour.ch\/?attachment_id=10928\" class=\"wp-image-10928\" srcset=\"https:\/\/www.askja-on-tour.ch\/wp-content\/uploads\/2019\/11\/Troja-012.jpg 1600w, https:\/\/www.askja-on-tour.ch\/wp-content\/uploads\/2019\/11\/Troja-012-1024x768.jpg 1024w, https:\/\/www.askja-on-tour.ch\/wp-content\/uploads\/2019\/11\/Troja-012-768x576.jpg 768w\" sizes=\"auto, (max-width: 1600px) 100vw, 1600px\" \/><\/figure><\/li><li class=\"blocks-gallery-item\"><figure><img loading=\"lazy\" decoding=\"async\" width=\"1200\" height=\"1600\" src=\"https:\/\/www.askja-on-tour.ch\/wp-content\/uploads\/2019\/11\/Troja-013-1200x1600.jpg\" alt=\"\" data-id=\"10929\" data-link=\"https:\/\/www.askja-on-tour.ch\/?attachment_id=10929\" class=\"wp-image-10929\" srcset=\"https:\/\/www.askja-on-tour.ch\/wp-content\/uploads\/2019\/11\/Troja-013.jpg 1200w, https:\/\/www.askja-on-tour.ch\/wp-content\/uploads\/2019\/11\/Troja-013-768x1024.jpg 768w\" sizes=\"auto, (max-width: 1200px) 100vw, 1200px\" \/><\/figure><\/li><li class=\"blocks-gallery-item\"><figure><img loading=\"lazy\" decoding=\"async\" width=\"1600\" height=\"1200\" src=\"https:\/\/www.askja-on-tour.ch\/wp-content\/uploads\/2019\/11\/Troja-014-1600x1200.jpg\" alt=\"\" data-id=\"10931\" data-link=\"https:\/\/www.askja-on-tour.ch\/?attachment_id=10931\" class=\"wp-image-10931\" srcset=\"https:\/\/www.askja-on-tour.ch\/wp-content\/uploads\/2019\/11\/Troja-014.jpg 1600w, https:\/\/www.askja-on-tour.ch\/wp-content\/uploads\/2019\/11\/Troja-014-1024x768.jpg 1024w, https:\/\/www.askja-on-tour.ch\/wp-content\/uploads\/2019\/11\/Troja-014-768x576.jpg 768w\" sizes=\"auto, (max-width: 1600px) 100vw, 1600px\" \/><figcaption>Wir haben ge\u00fcbt &#8211; wir k\u00f6nnen auch Selfies, hier mit Priamus<\/figcaption><\/figure><\/li><li class=\"blocks-gallery-item\"><figure><img loading=\"lazy\" decoding=\"async\" width=\"1600\" height=\"1200\" src=\"https:\/\/www.askja-on-tour.ch\/wp-content\/uploads\/2019\/11\/Troja-015-1600x1200.jpg\" alt=\"\" data-id=\"10933\" data-link=\"https:\/\/www.askja-on-tour.ch\/?attachment_id=10933\" class=\"wp-image-10933\" srcset=\"https:\/\/www.askja-on-tour.ch\/wp-content\/uploads\/2019\/11\/Troja-015.jpg 1600w, https:\/\/www.askja-on-tour.ch\/wp-content\/uploads\/2019\/11\/Troja-015-1024x768.jpg 1024w, https:\/\/www.askja-on-tour.ch\/wp-content\/uploads\/2019\/11\/Troja-015-768x576.jpg 768w\" sizes=\"auto, (max-width: 1600px) 100vw, 1600px\" \/><\/figure><\/li><\/ul>\n\n\n\n<iframe loading=\"lazy\" src=\"https:\/\/www.google.com\/maps\/d\/embed?mid=17QSwlGESJAEI3LmrHez8snohsFsC-_7y\" width=\"640\" height=\"480\"><\/iframe>\n","protected":false},"excerpt":{"rendered":"<p>Heute hatten wir einen eher langen Fahrtag. Auch wenn sich 405 km nach nicht so viel anh\u00f6ren, dann zieht es sich doch enorm, wenn man entlang der K\u00fcste f\u00e4hrt und immer wieder Ortsdurchfahrten hat &#8211; doch das macht die Fahrt<\/p>\n","protected":false},"author":3,"featured_media":0,"comment_status":"open","ping_status":"closed","sticky":false,"template":"","format":"standard","meta":{"footnotes":""},"categories":[4,8,19],"tags":[],"class_list":["post-10918","post","type-post","status-publish","format-standard","hentry","category-reiseberichte","category-seidenstrasse2019","category-tuerkei-2019"],"_links":{"self":[{"href":"https:\/\/www.askja-on-tour.ch\/index.php?rest_route=\/wp\/v2\/posts\/10918","targetHints":{"allow":["GET"]}}],"collection":[{"href":"https:\/\/www.askja-on-tour.ch\/index.php?rest_route=\/wp\/v2\/posts"}],"about":[{"href":"https:\/\/www.askja-on-tour.ch\/index.php?rest_route=\/wp\/v2\/types\/post"}],"author":[{"embeddable":true,"href":"https:\/\/www.askja-on-tour.ch\/index.php?rest_route=\/wp\/v2\/users\/3"}],"replies":[{"embeddable":true,"href":"https:\/\/www.askja-on-tour.ch\/index.php?rest_route=%2Fwp%2Fv2%2Fcomments&post=10918"}],"version-history":[{"count":4,"href":"https:\/\/www.askja-on-tour.ch\/index.php?rest_route=\/wp\/v2\/posts\/10918\/revisions"}],"predecessor-version":[{"id":10937,"href":"https:\/\/www.askja-on-tour.ch\/index.php?rest_route=\/wp\/v2\/posts\/10918\/revisions\/10937"}],"wp:attachment":[{"href":"https:\/\/www.askja-on-tour.ch\/index.php?rest_route=%2Fwp%2Fv2%2Fmedia&parent=10918"}],"wp:term":[{"taxonomy":"category","embeddable":true,"href":"https:\/\/www.askja-on-tour.ch\/index.php?rest_route=%2Fwp%2Fv2%2Fcategories&post=10918"},{"taxonomy":"post_tag","embeddable":true,"href":"https:\/\/www.askja-on-tour.ch\/index.php?rest_route=%2Fwp%2Fv2%2Ftags&post=10918"}],"curies":[{"name":"wp","href":"https:\/\/api.w.org\/{rel}","templated":true}]}}